{"id":28447,"date":"2024-10-05T18:27:49","date_gmt":"2024-10-05T18:27:49","guid":{"rendered":"https:\/\/www.chrzescijanskieveto.pl\/?p=28447"},"modified":"2025-01-12T13:57:39","modified_gmt":"2025-01-12T13:57:39","slug":"marsz-papieski","status":"publish","type":"post","link":"https:\/\/www.chrzescijanskieveto.pl\/index.php\/2024\/10\/05\/marsz-papieski\/","title":{"rendered":"Marsz Papieski"},"content":{"rendered":"\n<p><strong>Sytuacja w naszym kraju<\/strong> pod rz\u0105dami obecnej w\u0142adzy to jawna pr\u00f3ba zniszczenia nie tylko chrze\u015bcija\u0144stwa, ale tak\u017ce naszej historii, tradycji i to\u017csamo\u015bci.<br><br>&#8211; <strong>Strach<\/strong><br>&#8211; <strong>Przemoc<\/strong><br>&#8211; <strong>Chaos<\/strong><br>&#8211; <strong>Walka z religi\u0105<\/strong><br>&#8211; <strong>Usuwanie krzy\u017cy i symboli patriotycznych z przestrzeni publicznej<\/strong><br><strong>&#8211; \u0141amanie przykazania \u201eNie zabijaj\u201d<\/strong><br><strong>&#8211; Niszczenie naszej to\u017csamo\u015bci i kultury<\/strong><br><strong>&#8211; Zak\u0142amywanie historii i usuwanie z niej pami\u0119ci o bohaterach narodowych<\/strong><br><strong>&#8211; Niszczenie naszej Ojczyzny<\/strong><br><br>Czujesz bunt, gniew i bezradno\u015b\u0107? Zamie\u0144 emocje na modlitw\u0119 i czyn!<br><br><strong>19 PA\u0179DZIERNIKA MAMY SZANS\u0118 WSP\u00d3LNIE POKAZA\u0106, \u017bE NIE ZGADZAMY SI\u0118 NA TEN CHAOS I BEZPRAWIE!<\/strong><br><br>Pod patronatem trzech Wielkich Polak\u00f3w:<br><br>&#8211; \u015aw. Jana Paw\u0142a II<br>&#8211; B\u0142. Kardyna\u0142a Stefana Wyszy\u0144skiego<br>&#8211; B\u0142. Ks. Jerzego Popie\u0142uszki w jego 40. rocznic\u0119 m\u0119cze\u0144skiej, okrutnej \u015bmierci.<br><br><strong>WYJD\u0179MY WSZYSCY RAZEM NA ULIC\u0118 W NARODOWYM MARSZU PAPIESKIM.<\/strong><br><br><strong>Chrze\u015bcija\u0144skie VETO<\/strong> wraz z <strong>Centrum \u017bycia i Rodziny<\/strong> zapraszaj\u0105!<br><br><strong><mark style=\"background-color:rgba(0, 0, 0, 0)\" class=\"has-inline-color has-vivid-red-color\">19 PA\u0179DZIERNIKA, PLAC ZAMKOWY W WARSZAWIE, GODZINA 13:00!<\/mark><\/strong><br><br><strong>TRASA MARSZU:<\/strong><br>Plac Zamkowy \u2013 Miodowa \u2013 Bonifraterska \u2013 Muranowska \u2013 Andersa \u2013 przez Plac Wilsona \u2013 gr\u00f3b b\u0142. ks. Jerzego Popie\u0142uszki na terenie ko\u015bcio\u0142a \u015bw. Stanis\u0142awa Kostki na \u017boliborzu.<br><br><strong>Godzina 16:00<\/strong> \u2013 Msza \u015awi\u0119ta, kt\u00f3ra b\u0119dzie zwie\u0144czeniem uroczysto\u015bci.<br><br><strong>NIEZALE\u017bNIE OD TEGO, SK\u0104D JESTE\u015a, PRZYJD\u0179 I ZJEDNOCZ SI\u0118 Z TYMI, KT\u00d3RZY CHC\u0104 BRONI\u0106 NASZEJ OJCZYZNY!<\/strong><br><br>Ja, Ty i miliony innych Polek i Polak\u00f3w pragn\u0105 dzia\u0142a\u0107 nie tylko modlitw\u0105, ale i czynem.<br><br>Specjalnie z okazji Marszu Papieskiego stworzyli\u015bmy dost\u0119pne dla ka\u017cdego do wydrukowania\u00a0<strong>plakaty Marszu Papieskiego i Chrze\u015bcija\u0144skiego VETA<\/strong>.<br><br><strong>Poka\u017c, \u017ce jeste\u015b z Nami!\u00a0<\/strong><br><br>&#8211; Wydrukuj plakat Marszu Papieskiego<br>&#8211; Umie\u015b\u0107 go w swojej parafii\u00a0<br>&#8211; Pom\u00f3\u017c nam dotrze\u0107 do jak najwi\u0119kszej liczby os\u00f3b.\u00a0<br><br><strong>Plakaty Chrze\u015bcija\u0144skiego VETA mo\u017cesz zabra\u0107 na marsz, by pokaza\u0107, \u017ce\u00a0<\/strong><br><br>&#8211; Jednoczysz si\u0119 z nami pod patronatem ks. Jerzego Popie\u0142uszki<br>&#8211; Wyra\u017casz sw\u00f3j sprzeciw wobec niszczenia warto\u015bci chrze\u015bcija\u0144skich<br><br><a href=\"https:\/\/drive.google.com\/drive\/folders\/1J8iGnVREwaScXjRhoMTqBs-tFnpBlRVh?usp=drive_link\">\u200b<strong>Kliknij tutaj<\/strong><\/a>,\u00a0aby pobra\u0107 plakaty i wesprze\u0107 Marsz Papieski w Twojej okolicy.<br><br><strong>Narodowy Marsz Papieski<\/strong> jest organizowany przez wolontariuszy, kt\u00f3rzy potrzebuj\u0105 wsparcia finansowego, aby zrealizowa\u0107 marsz.<br><br>Potrzebne s\u0105 \u015brodki na:<br>&#8211; Nag\u0142o\u015bnienie<br>&#8211; Kampani\u0119 informacyjn\u0105<br>&#8211; Plakaty i ulotki<br>&#8211; Karetk\u0119 pogotowia<br>&#8211; Patrole medyczne, kt\u00f3rych obecno\u015b\u0107 jest wymagana na takich wydarzeniach<br><br>Darczy\u0144c\u00f3w prosimy o wp\u0142aty na konto <strong>Centrum \u017bycia i Rodziny<\/strong>:<br><br><strong>Bank Pekao S.A.: 32 1240 4432 1111 0011 0433 7056<\/strong><br>lub na portalu <strong>Zrzutka.pl<\/strong>:<\/p>\n\n\n\n<div style=\"position: relative; width: 300px; height: 450px; overflow: hidden;\"><iframe style=\"position: absolute; top:0; left: 0; bottom: 0; right: 0; width: 100%; height: 100%;\" src=\"https:\/\/zrzutka.pl\/x99g4p\/widget\/13\" frameborder=\"0\" scrolling=\"no\"><\/iframe><\/div>\n\n\n\n<p><\/p>\n\n\n\n<p>Za ka\u017cd\u0105 wp\u0142at\u0119 b\u0119dziemy bardzo wdzi\u0119czni.<br><strong>Chrze\u015bcija\u0144skie VETO<\/strong><\/p>\n\n\n\n<p class=\"has-text-align-center\"><strong>Do\u0142\u0105cz do marszu:<\/strong><\/p>\n\n\n\n<div class=\"wpcf7 no-js\" id=\"wpcf7-f28460-o1\" lang=\"pl-PL\" dir=\"ltr\">\n<div class=\"screen-reader-response\"><p role=\"status\" aria-live=\"polite\" aria-atomic=\"true\"><\/p> <ul><\/ul><\/div>\n<form action=\"\/index.php\/wp-json\/wp\/v2\/posts\/28447#wpcf7-f28460-o1\" method=\"post\" class=\"wpcf7-form init\" aria-label=\"Formularz kontaktowy\" novalidate=\"novalidate\" data-status=\"init\">\n<div style=\"display: none;\">\n<input type=\"hidden\" name=\"_wpcf7\" value=\"28460\" \/>\n<input type=\"hidden\" name=\"_wpcf7_version\" value=\"5.9.8\" \/>\n<input type=\"hidden\" name=\"_wpcf7_locale\" value=\"pl_PL\" \/>\n<input type=\"hidden\" name=\"_wpcf7_unit_tag\" value=\"wpcf7-f28460-o1\" \/>\n<input type=\"hidden\" name=\"_wpcf7_container_post\" value=\"0\" \/>\n<input type=\"hidden\" name=\"_wpcf7_posted_data_hash\" value=\"\" \/>\n<\/div>\n<p><label> Twoje imi\u0119<br \/>\n<span class=\"wpcf7-form-control-wrap\" data-name=\"your-name\"><input size=\"40\" maxlength=\"400\" class=\"wpcf7-form-control wpcf7-text wpcf7-validates-as-required\" autocomplete=\"name\" aria-required=\"true\" aria-invalid=\"false\" value=\"\" type=\"text\" name=\"your-name\" \/><\/span> <\/label>\n<\/p>\n<p><label> Tw\u00f3j adres e-mail<br \/>\n<span class=\"wpcf7-form-control-wrap\" data-name=\"your-email\"><input size=\"40\" maxlength=\"400\" class=\"wpcf7-form-control wpcf7-email wpcf7-validates-as-required wpcf7-text wpcf7-validates-as-email\" autocomplete=\"email\" aria-required=\"true\" aria-invalid=\"false\" value=\"\" type=\"email\" name=\"your-email\" \/><\/span> <\/label>\n<\/p>\n<p><input class=\"wpcf7-form-control wpcf7-submit has-spinner\" type=\"submit\" value=\"Wy\u015blij\" \/>\n<\/p><div class=\"wpcf7-response-output\" aria-hidden=\"true\"><\/div>\n<\/form>\n<\/div>\n\n\n\n\n<p><\/p>\n\n\n\n<p class=\"has-text-align-center\">Powiedz \u201eChrze\u015bcija\u0144skie VETO\u201d obecnej sytuacji, bo w my\u015bl s\u0142\u00f3w b\u0142. ks. Jerzego Popie\u0142uszki:<br><br><strong>\u201ePrzemoc nie jest oznak\u0105 si\u0142y, lecz s\u0142abo\u015bci.\u201d<\/strong><br>A my\u2026<br><strong>\u201eJako synowie Boga nie mo\u017cemy by\u0107 niewolnikami.\u201d<\/strong><br><br>To ostatni moment, aby ocali\u0107 nasz\u0105 ojczyzn\u0119.<br>Nie czekaj! Wsta\u0144 z kanapy i przyjd\u017a na <strong>Narodowy Marsz Papieski<\/strong>. <strong>CZEKAMY NA CIEBIE!<\/strong><br><br><strong>NIE B\u0104D\u0179 OBOJ\u0118TNY!!<\/strong><br><strong>\u201eZ\u0142o dobrem zwyci\u0119\u017caj, mi\u0142o\u015bci\u0105 zawstydzaj nienawi\u015b\u0107.\u201d \u2013 b\u0142. ks. Jerzy Popie\u0142uszko<\/strong><\/p>\n\n\n\n<figure class=\"wp-block-image aligncenter size-full is-resized\"><img loading=\"lazy\" decoding=\"async\" width=\"512\" height=\"512\" src=\"http:\/\/www.chrzescijanskieveto.pl\/wp-content\/uploads\/2024\/01\/cropped-cropped-cropped-Screenshot-2024-01-30-at-19.36.58-2.png\" alt=\"\" class=\"wp-image-28345\" style=\"width:166px;height:auto\" srcset=\"https:\/\/www.chrzescijanskieveto.pl\/wp-content\/uploads\/2024\/01\/cropped-cropped-cropped-Screenshot-2024-01-30-at-19.36.58-2.png 512w, https:\/\/www.chrzescijanskieveto.pl\/wp-content\/uploads\/2024\/01\/cropped-cropped-cropped-Screenshot-2024-01-30-at-19.36.58-2-300x300.png 300w, https:\/\/www.chrzescijanskieveto.pl\/wp-content\/uploads\/2024\/01\/cropped-cropped-cropped-Screenshot-2024-01-30-at-19.36.58-2-150x150.png 150w, https:\/\/www.chrzescijanskieveto.pl\/wp-content\/uploads\/2024\/01\/cropped-cropped-cropped-Screenshot-2024-01-30-at-19.36.58-2-270x270.png 270w, https:\/\/www.chrzescijanskieveto.pl\/wp-content\/uploads\/2024\/01\/cropped-cropped-cropped-Screenshot-2024-01-30-at-19.36.58-2-192x192.png 192w, https:\/\/www.chrzescijanskieveto.pl\/wp-content\/uploads\/2024\/01\/cropped-cropped-cropped-Screenshot-2024-01-30-at-19.36.58-2-180x180.png 180w, https:\/\/www.chrzescijanskieveto.pl\/wp-content\/uploads\/2024\/01\/cropped-cropped-cropped-Screenshot-2024-01-30-at-19.36.58-2-32x32.png 32w\" sizes=\"auto, (max-width: 512px) 100vw, 512px\" \/><\/figure>\n","protected":false},"excerpt":{"rendered":"<p>Sytuacja w naszym kraju pod rz\u0105dami obecnej w\u0142adzy to jawna pr\u00f3ba zniszczenia nie tylko chrze\u015bcija\u0144stwa, ale tak\u017ce naszej historii, tradycji<\/p>\n","protected":false},"author":1,"featured_media":28478,"comment_status":"closed","ping_status":"closed","sticky":false,"template":"","format":"standard","meta":{"_bbp_topic_count":0,"_bbp_reply_count":0,"_bbp_total_topic_count":0,"_bbp_total_reply_count":0,"_bbp_voice_count":0,"_bbp_anonymous_reply_count":0,"_bbp_topic_count_hidden":0,"_bbp_reply_count_hidden":0,"_bbp_forum_subforum_count":0,"footnotes":""},"categories":[1],"tags":[],"class_list":["post-28447","post","type-post","status-publish","format-standard","has-post-thumbnail","hentry","category-uncategorized"],"_links":{"self":[{"href":"https:\/\/www.chrzescijanskieveto.pl\/index.php\/wp-json\/wp\/v2\/posts\/28447","targetHints":{"allow":["GET"]}}],"collection":[{"href":"https:\/\/www.chrzescijanskieveto.pl\/index.php\/wp-json\/wp\/v2\/posts"}],"about":[{"href":"https:\/\/www.chrzescijanskieveto.pl\/index.php\/wp-json\/wp\/v2\/types\/post"}],"author":[{"embeddable":true,"href":"https:\/\/www.chrzescijanskieveto.pl\/index.php\/wp-json\/wp\/v2\/users\/1"}],"replies":[{"embeddable":true,"href":"https:\/\/www.chrzescijanskieveto.pl\/index.php\/wp-json\/wp\/v2\/comments?post=28447"}],"version-history":[{"count":22,"href":"https:\/\/www.chrzescijanskieveto.pl\/index.php\/wp-json\/wp\/v2\/posts\/28447\/revisions"}],"predecessor-version":[{"id":28509,"href":"https:\/\/www.chrzescijanskieveto.pl\/index.php\/wp-json\/wp\/v2\/posts\/28447\/revisions\/28509"}],"wp:featuredmedia":[{"embeddable":true,"href":"https:\/\/www.chrzescijanskieveto.pl\/index.php\/wp-json\/wp\/v2\/media\/28478"}],"wp:attachment":[{"href":"https:\/\/www.chrzescijanskieveto.pl\/index.php\/wp-json\/wp\/v2\/media?parent=28447"}],"wp:term":[{"taxonomy":"category","embeddable":true,"href":"https:\/\/www.chrzescijanskieveto.pl\/index.php\/wp-json\/wp\/v2\/categories?post=28447"},{"taxonomy":"post_tag","embeddable":true,"href":"https:\/\/www.chrzescijanskieveto.pl\/index.php\/wp-json\/wp\/v2\/tags?post=28447"}],"curies":[{"name":"wp","href":"https:\/\/api.w.org\/{rel}","templated":true}]}}